{"id":2133,"date":"2021-05-13T15:46:47","date_gmt":"2021-05-13T13:46:47","guid":{"rendered":"http:\/\/www.eslbauer.com\/eslbauer_wp\/?p=2133"},"modified":"2021-05-13T15:46:49","modified_gmt":"2021-05-13T13:46:49","slug":"gute-absicht","status":"publish","type":"post","link":"http:\/\/www.eslbauer.com\/eslbauer_wp\/?p=2133","title":{"rendered":"Gute Absicht"},"content":{"rendered":"\n<p>Wenn wir unsere Umgebung betrachten, springt ins Auge, dass wir von \u00abguten Absichten\u00bb geradezu umstellt sind. Es kommt aber auf die guten Absichten allein nicht an; sie m\u00fcssen begleitet sein von dem Verm\u00f6gen, sie zu realisieren. Das Hegen guter Absichten ist eine \u00e4u\u00dferst anspruchslose Geistest\u00e4tigkeit. Mit dem Entwerfen von Pl\u00e4nen zur Realisierung der hehren Ziele sieht es anders aus. Daf\u00fcr braucht man Intelligenz. Die Hochsch\u00e4tzung der guten Absichten <em>allein <\/em>ist keineswegs ange\u00adbracht, im Gegenteil!<\/p>\n\n\n\n<p>Meines Erachtens ist die Frage offen, ob \u00abgute Absichten + Dummheit\u00bb oder \u00abschlechte Absichten + Intelligenz\u00bb mehr Un\u00adheil in die Welt gebracht haben. Denn Leute mit guten Absich\u00adten haben gew\u00f6hnlich nur geringe Hemmungen, die Realisie\u00adrung ihrer Ziele in Angriff zu nehmen. Auf diese Weise wird Unverm\u00f6gen, welches sonst verborgen bliebe, gef\u00e4hrlich, und am Ende steht dann der erstaunt-verzweifelte Ausruf: \u00abDas ha\u00adben wir nicht gewollt!\u00bb<\/p>\n\n\n\n<p>Ist es nicht oft gerade das Bewusstsein der \u00abguten Absichten\u00bb, welches noch die fragw\u00fcrdigsten Mittel heiligt? Den Leuten mit den \u00abguten Absichten\u00bb fehlt auf jeden Fall das schlechte Gewis\u00adsen, welches ihre Mitmenschen mit den schlechteren Absichten vielleicht doch manchmal ein wenig am Handeln hindert. Es ist oft gesagt, aber selten geh\u00f6rt worden, dass der abstrakte Wunsch, allen Menschen das Paradies zu bereiten, der beste Weg zur Er\u00adzeugung einer konkreten H\u00f6lle ist. Das h\u00e4ngt mit den \u00abguten Absichten\u00bb, die auch ohne jede Kompetenz zum Handeln an\u00adtreiben, eng zusammen. (Denn das Gute muss man nat\u00fcrlich durchsetzen, koste es, was es wolle!)<\/p>\n\n\n\n<p>Quelle: D\u00f6rner Dietrich, Die Logik des Misslingens, rororo 2003, S.15-16<\/p>\n","protected":false},"excerpt":{"rendered":"<p>Wenn wir unsere Umgebung betrachten, springt ins Auge, dass wir von \u00abguten Absichten\u00bb geradezu umstellt sind. Es kommt aber auf die guten Absichten allein nicht an; sie m\u00fcssen begleitet sein von dem Verm\u00f6gen, sie zu realisieren. Das Hegen guter Absichten <span class=\"excerpt-dots\">&hellip;<\/span> <a class=\"more-link\" href=\"http:\/\/www.eslbauer.com\/eslbauer_wp\/?p=2133\"><span class=\"more-msg\">Continue reading &rarr;<\/span><\/a><\/p>\n","protected":false},"author":1,"featured_media":0,"comment_status":"closed","ping_status":"closed","sticky":false,"template":"","format":"standard","meta":{"footnotes":""},"categories":[13],"tags":[],"_links":{"self":[{"href":"http:\/\/www.eslbauer.com\/eslbauer_wp\/index.php?rest_route=\/wp\/v2\/posts\/2133"}],"collection":[{"href":"http:\/\/www.eslbauer.com\/eslbauer_wp\/index.php?rest_route=\/wp\/v2\/posts"}],"about":[{"href":"http:\/\/www.eslbauer.com\/eslbauer_wp\/index.php?rest_route=\/wp\/v2\/types\/post"}],"author":[{"embeddable":true,"href":"http:\/\/www.eslbauer.com\/eslbauer_wp\/index.php?rest_route=\/wp\/v2\/users\/1"}],"replies":[{"embeddable":true,"href":"http:\/\/www.eslbauer.com\/eslbauer_wp\/index.php?rest_route=%2Fwp%2Fv2%2Fcomments&post=2133"}],"version-history":[{"count":1,"href":"http:\/\/www.eslbauer.com\/eslbauer_wp\/index.php?rest_route=\/wp\/v2\/posts\/2133\/revisions"}],"predecessor-version":[{"id":2134,"href":"http:\/\/www.eslbauer.com\/eslbauer_wp\/index.php?rest_route=\/wp\/v2\/posts\/2133\/revisions\/2134"}],"wp:attachment":[{"href":"http:\/\/www.eslbauer.com\/eslbauer_wp\/index.php?rest_route=%2Fwp%2Fv2%2Fmedia&parent=2133"}],"wp:term":[{"taxonomy":"category","embeddable":true,"href":"http:\/\/www.eslbauer.com\/eslbauer_wp\/index.php?rest_route=%2Fwp%2Fv2%2Fcategories&post=2133"},{"taxonomy":"post_tag","embeddable":true,"href":"http:\/\/www.eslbauer.com\/eslbauer_wp\/index.php?rest_route=%2Fwp%2Fv2%2Ftags&post=2133"}],"curies":[{"name":"wp","href":"https:\/\/api.w.org\/{rel}","templated":true}]}}